{"id":1426,"date":"2023-11-07T21:46:29","date_gmt":"2023-11-07T19:46:29","guid":{"rendered":"https:\/\/rethymno.villas\/?p=1426"},"modified":"2023-11-07T21:55:01","modified_gmt":"2023-11-07T19:55:01","slug":"alternativni-dovolena-a-ekoturistika-jsou-sazkou-na-to-ze-recti-turiste-opousteji-lehatka","status":"publish","type":"post","link":"https:\/\/rethymno.villas\/cs\/alternativni-dovolena-a-ekoturistika-jsou-sazkou-na-to-ze-recti-turiste-opousteji-lehatka\/","title":{"rendered":"Alternativn\u00ed dovolen\u00e1 a ekoturismus jsou pro \u0158ecko s\u00e1zkou: \u201eTurist\u00e9 opou\u0161t\u011bj\u00ed leh\u00e1tka\u201c"},"content":{"rendered":"<p>\u201eTurist\u00e9 se zdaj\u00ed b\u00fdt odhodlan\u011bj\u0161\u00ed vyu\u017e\u00edt sv\u016fj drahocenn\u00fd pr\u00e1zdninov\u00fd \u010das na maximum (\u2026) a nyn\u00ed cht\u011bj\u00ed prozkoumat kulturu, kuchyni a p\u0159\u00edrodu destinace\u201c<\/p>\n<p><!--more--><\/p>\n<p>\u00a0<\/p>\n\n\n<p>\u0158eck\u00e1 ministryn\u011b cestovn\u00edho ruchu pan\u00ed Olga Kefalogianni slibuje modernizaci infrastruktury a dovednost\u00ed v \u0159eck\u00e9m cestovn\u00edm ruchu \u2013 brit\u0161t\u00ed turist\u00e9 necht\u011bj\u00ed jen slunce a leh\u00e1tka, podle pr\u016fzkumu WTM<\/p>\n\n\n\n<p>Vzhledem k tomu, \u017ee klimatick\u00e1 krize si ji\u017e vyb\u00edr\u00e1 svou da\u0148 na \u0161pi\u010dkov\u00fdch turistick\u00fdch destinac\u00edch, prodlou\u017een\u00ed turistick\u00e9 sez\u00f3ny se zd\u00e1 b\u00fdt p\u0159irozen\u00fdm d\u016fsledkem. Ministryn\u011b cestovn\u00edho ruchu Olga Kefalogianni sice necht\u011bla oba fenom\u00e9ny spojovat, na lond\u00fdnsk\u00e9 mezin\u00e1rodn\u00ed v\u00fdstav\u011b cestovn\u00edho ruchu (WTM London 2023), kter\u00e1 se kon\u00e1 do 8. listopadu, nicm\u00e9n\u011b zd\u016fraznila, \u017ee \u201eto je v\u011bc, kter\u00e1 se t\u00fdk\u00e1 vl\u00e1dy\u201c.<\/p>\n\n\n\n<figure class=\"wp-block-image size-large\"><img fetchpriority=\"high\" decoding=\"async\" width=\"1024\" height=\"682\" src=\"https:\/\/rethymno.villas\/wp-content\/uploads\/Chania-old-town-beach-in-Crete-Greece-5-1080x719-1-1024x682.jpg\" alt=\"Star\u00e9 m\u011bsto Chania na Kr\u00e9t\u011b v \u0158ecku\" class=\"wp-image-1642\" srcset=\"https:\/\/rethymno.villas\/wp-content\/uploads\/Chania-old-town-beach-in-Crete-Greece-5-1080x719-1-1024x682.jpg 1024w, https:\/\/rethymno.villas\/wp-content\/uploads\/Chania-old-town-beach-in-Crete-Greece-5-1080x719-1-300x200.jpg 300w, https:\/\/rethymno.villas\/wp-content\/uploads\/Chania-old-town-beach-in-Crete-Greece-5-1080x719-1-768x511.jpg 768w, https:\/\/rethymno.villas\/wp-content\/uploads\/Chania-old-town-beach-in-Crete-Greece-5-1080x719-1-18x12.jpg 18w, https:\/\/rethymno.villas\/wp-content\/uploads\/Chania-old-town-beach-in-Crete-Greece-5-1080x719-1-891x593.jpg 891w, https:\/\/rethymno.villas\/wp-content\/uploads\/Chania-old-town-beach-in-Crete-Greece-5-1080x719-1.jpg 1080w\" sizes=\"(max-width: 1024px) 100vw, 1024px\" \/><figcaption class=\"wp-element-caption\">Star\u00e9 m\u011bsto Chania na Kr\u00e9t\u011b v \u0158ecku<\/figcaption><\/figure>\n\n\n\n<p>Pozval proto britsk\u00e9 turisty k n\u00e1v\u0161t\u011bv\u011b m\u00e9n\u011b obl\u00edben\u00fdch turistick\u00fdch destinac\u00ed v \u0158ecku a dokonce i mimo \u201eobvyklou\u201c turistickou sez\u00f3nu. C\u00edlem je z\u00faro\u010dit snahy zem\u011b o propagaci alternativn\u00ed dovolen\u00e9 s modernizac\u00ed ly\u017ea\u0159sk\u00fdch st\u0159edisek a pot\u00e1p\u011b\u010dsk\u00fdch destinac\u00ed.<\/p>\n\n\n\n<p>Zm\u00edn\u011bny byly tak\u00e9 ni\u010div\u00e9 po\u017e\u00e1ry leto\u0161n\u00edho l\u00e9ta. Olga Kefalogianni tvrdila, \u017ee \u201e\u0158ecko se uk\u00e1zalo jako model \u00fasp\u011b\u0161n\u00e9ho \u0159\u00edzen\u00ed na Rhodosu\u201c, p\u0159i\u010dem\u017e p\u0159ipustila, \u017ee \u201epodobn\u00e9 krize budou existovat, ale zem\u011b m\u00e1 nyn\u00ed know-how, jak je \u00fasp\u011b\u0161n\u011b p\u0159ekonat\u201c.<\/p>\n\n\n\n<p>Typick\u00e1 je zpr\u00e1va zve\u0159ejn\u011bn\u00e1 organiz\u00e1tory WTM ve spolupr\u00e1ci s Oxford Economics. \u201eTurist\u00e9 opou\u0161t\u011bj\u00ed opalov\u00e1n\u00ed a leh\u00e1tka kv\u016fli nov\u00fdm z\u00e1\u017eitk\u016fm\u201c je n\u00e1zev v\u00fdzkumu, kter\u00fd mimo jin\u00e9 uv\u00e1d\u00ed, \u017ee \u201ezm\u011bna klimatu hraje st\u00e1le d\u016fle\u017eit\u011bj\u0161\u00ed roli v rozhodov\u00e1n\u00ed turist\u016f o d\u00e9lce trv\u00e1n\u00ed, ro\u010dn\u00edm obdob\u00ed a destinaci\u201c. .<\/p>\n\n\n\n<p>Juliet Losardo, \u0159editelka v\u00fdstavy (WTM London), \u0159ekla, \u017ee \u201eturist\u00e9 se zdaj\u00ed b\u00fdt odhodlan\u011bj\u0161\u00ed vyu\u017e\u00edt sv\u016fj drahocenn\u00fd pr\u00e1zdninov\u00fd \u010das na maximum (\u2026) nyn\u00ed cht\u011bj\u00ed prozkoumat kulturu, kuchyni a p\u0159\u00edrodu destinace\u201c.<\/p>\n\n\n\n<figure class=\"wp-block-image size-large\"><img decoding=\"async\" width=\"1024\" height=\"768\" src=\"https:\/\/rethymno.villas\/wp-content\/uploads\/Skinaria-beach-near-Plakias-in-south-Rethymno-Crete-1080x810-1-1024x768.jpg\" alt=\"Pl\u00e1\u017e Skinaria pobl\u00ed\u017e Plakias na jihu Kr\u00e9ty Rethymno\" class=\"wp-image-1645\" srcset=\"https:\/\/rethymno.villas\/wp-content\/uploads\/Skinaria-beach-near-Plakias-in-south-Rethymno-Crete-1080x810-1-1024x768.jpg 1024w, https:\/\/rethymno.villas\/wp-content\/uploads\/Skinaria-beach-near-Plakias-in-south-Rethymno-Crete-1080x810-1-300x225.jpg 300w, https:\/\/rethymno.villas\/wp-content\/uploads\/Skinaria-beach-near-Plakias-in-south-Rethymno-Crete-1080x810-1-768x576.jpg 768w, https:\/\/rethymno.villas\/wp-content\/uploads\/Skinaria-beach-near-Plakias-in-south-Rethymno-Crete-1080x810-1-16x12.jpg 16w, https:\/\/rethymno.villas\/wp-content\/uploads\/Skinaria-beach-near-Plakias-in-south-Rethymno-Crete-1080x810-1-891x668.jpg 891w, https:\/\/rethymno.villas\/wp-content\/uploads\/Skinaria-beach-near-Plakias-in-south-Rethymno-Crete-1080x810-1.jpg 1080w\" sizes=\"(max-width: 1024px) 100vw, 1024px\" \/><figcaption class=\"wp-element-caption\">Pl\u00e1\u017e Skinaria pobl\u00ed\u017e Plakias na jihu Kr\u00e9ty Rethymno<\/figcaption><\/figure>\n\n\n\n<p>Na v\u00fdstav\u011b byl p\u0159\u00edtomen i gener\u00e1ln\u00ed tajemn\u00edk EOT Dimitris Fragakis, kter\u00fd vyj\u00e1d\u0159il sv\u016fj optimismus ohledn\u011b \u201eodolnosti \u0159eck\u00e9ho cestovn\u00edho ruchu, kter\u00fd nab\u00edz\u00ed levn\u00e9 i drah\u00e9 destinace\u201c. Je orienta\u010dn\u00ed, \u017ee za obdob\u00ed leden \u2013 srpen 2023 se podle ofici\u00e1ln\u00edch \u00fadaj\u016f \u0158eck\u00e9 banky zv\u00fd\u0161ily p\u0159\u00edjezdy ze zahrani\u010d\u00ed o 18,41 TP3T ve srovn\u00e1n\u00ed se stejn\u00fdm obdob\u00edm lo\u0148sk\u00e9ho roku.<\/p>\n\n\n\n<p>Na tiskov\u00e9 konferenci \u0159eck\u00e9 ministryn\u011b cestovn\u00edho ruchu Olgy Kefalogianni vyty\u010dila \u010dty\u0159i hlavn\u00ed pil\u00ed\u0159e strategie ministerstva. Mezi nimi byla na prvn\u00edm m\u00edst\u011b udr\u017eitelnost cestovn\u00edho ruchu, prodlou\u017een\u00ed turistick\u00e9 sez\u00f3ny, \u0161kolen\u00ed pracovn\u00edch sil a modernizace turistick\u00e9 infrastruktury.<\/p>\n\n\n\n<p>Kl\u00ed\u010dov\u00fdm slovem byla udr\u017eitelnost. Pan\u00ed Kefalogianni sl\u00edbila, \u017ee \u201edal\u0161\u00ed den cestovn\u00edho ruchu pro \u0158ecko se zam\u011b\u0159\u00ed na lidi a m\u00edstn\u00ed komunity, proto\u017ee m\u00e1me z\u00e1jem, aby m\u011bli p\u0159\u00edle\u017eitosti k p\u0159\u00edjmu, p\u0159\u00edjmu, ale tak\u00e9 nov\u00e1 pracovn\u00ed m\u00edsta\u201c.<\/p>\n\n\n\n<p>Kl\u00ed\u010dovou v\u00fdzvou pro zemi je jak ochrana p\u0159\u00edrodn\u00edho prost\u0159ed\u00ed, tak zaji\u0161t\u011bn\u00ed soci\u00e1ln\u00ed soudr\u017enosti p\u0159i rychl\u00e9m rozvoji cestovn\u00edho ruchu, kter\u00fd se m\u016f\u017ee st\u00e1t rozs\u00e1hl\u00fdm, pokud se soust\u0159ed\u00ed pouze na pos\u00edlen\u00ed ekonomick\u00e9 aktivity.<\/p>\n\n\n\n<figure class=\"wp-block-image size-full\"><img decoding=\"async\" width=\"960\" height=\"600\" src=\"https:\/\/rethymno.villas\/wp-content\/uploads\/Pachnes-peaks-in-Sfakia-Chania-Crete-960x600-1.jpeg\" alt=\"Pachnes vrcholy v Sfakia Chania Kr\u00e9ta \u0158ecko\" class=\"wp-image-1614\" srcset=\"https:\/\/rethymno.villas\/wp-content\/uploads\/Pachnes-peaks-in-Sfakia-Chania-Crete-960x600-1.jpeg 960w, https:\/\/rethymno.villas\/wp-content\/uploads\/Pachnes-peaks-in-Sfakia-Chania-Crete-960x600-1-300x188.jpeg 300w, https:\/\/rethymno.villas\/wp-content\/uploads\/Pachnes-peaks-in-Sfakia-Chania-Crete-960x600-1-768x480.jpeg 768w, https:\/\/rethymno.villas\/wp-content\/uploads\/Pachnes-peaks-in-Sfakia-Chania-Crete-960x600-1-18x12.jpeg 18w, https:\/\/rethymno.villas\/wp-content\/uploads\/Pachnes-peaks-in-Sfakia-Chania-Crete-960x600-1-891x557.jpeg 891w\" sizes=\"(max-width: 960px) 100vw, 960px\" \/><figcaption class=\"wp-element-caption\">Pachnes vrcholy v Sfakia Chania Kr\u00e9ta \u0158ecko<\/figcaption><\/figure>\n\n\n\n<p>S ohledem na tyto v\u00fdzvy a mo\u017en\u00e9 jevy neopr\u00e1vn\u011bn\u011b z\u00edskan\u00fdch zisk\u016f vyj\u00e1d\u0159ila ministryn\u011b sv\u016fj n\u00e1zor, \u017ee \u201e\u0158ecko z\u016fst\u00e1v\u00e1 destinac\u00ed s hodnotou za pen\u00edze\u201c, p\u0159i\u010dem\u017e se ministerstvo zav\u00e1zalo vyvinout maxim\u00e1ln\u00ed \u00fasil\u00ed k dodr\u017eov\u00e1n\u00ed z\u00e1konnosti.<\/p>\n\n\n\n<p>Zdroj: <a href=\"https:\/\/skai.gr\" target=\"_blank\" data-type=\"link\" data-id=\"https:\/\/skai.gr\" rel=\"noreferrer noopener\">SKAI <\/a>\u2013 Zoe Katzagiannakis, Lond\u00fdn<\/p>","protected":false},"excerpt":{"rendered":"<p>\u201eTurist\u00e9 se zdaj\u00ed b\u00fdt odhodlan\u011bj\u0161\u00ed vyu\u017e\u00edt sv\u016fj drahocenn\u00fd pr\u00e1zdninov\u00fd \u010das na maximum (\u2026) a nyn\u00ed cht\u011bj\u00ed prozkoumat kulturu, kuchyni a p\u0159\u00edrodu destinace\u201c<\/p>","protected":false},"author":1,"featured_media":1641,"comment_status":"open","ping_status":"open","sticky":false,"template":"","format":"standard","meta":{"inline_featured_image":false,"footnotes":""},"categories":[3],"tags":[62,63,65,60,61,64],"class_list":["post-1426","post","type-post","status-publish","format-standard","has-post-thumbnail","hentry","category-news","tag-agritourism","tag-agrotourism","tag-alternative-tourism","tag-crete","tag-ecotourism","tag-greece"],"_links":{"self":[{"href":"https:\/\/rethymno.villas\/cs\/wp-json\/wp\/v2\/posts\/1426","targetHints":{"allow":["GET"]}}],"collection":[{"href":"https:\/\/rethymno.villas\/cs\/wp-json\/wp\/v2\/posts"}],"about":[{"href":"https:\/\/rethymno.villas\/cs\/wp-json\/wp\/v2\/types\/post"}],"author":[{"embeddable":true,"href":"https:\/\/rethymno.villas\/cs\/wp-json\/wp\/v2\/users\/1"}],"replies":[{"embeddable":true,"href":"https:\/\/rethymno.villas\/cs\/wp-json\/wp\/v2\/comments?post=1426"}],"version-history":[{"count":0,"href":"https:\/\/rethymno.villas\/cs\/wp-json\/wp\/v2\/posts\/1426\/revisions"}],"wp:featuredmedia":[{"embeddable":true,"href":"https:\/\/rethymno.villas\/cs\/wp-json\/wp\/v2\/media\/1641"}],"wp:attachment":[{"href":"https:\/\/rethymno.villas\/cs\/wp-json\/wp\/v2\/media?parent=1426"}],"wp:term":[{"taxonomy":"category","embeddable":true,"href":"https:\/\/rethymno.villas\/cs\/wp-json\/wp\/v2\/categories?post=1426"},{"taxonomy":"post_tag","embeddable":true,"href":"https:\/\/rethymno.villas\/cs\/wp-json\/wp\/v2\/tags?post=1426"}],"curies":[{"name":"wp","href":"https:\/\/api.w.org\/{rel}","templated":true}]}}