{"id":245,"date":"2018-04-15T09:12:07","date_gmt":"2018-04-15T06:12:07","guid":{"rendered":"https:\/\/themes.getmotopress.com\/ciestra\/?p=245"},"modified":"2023-11-07T23:28:11","modified_gmt":"2023-11-07T21:28:11","slug":"felejthetetlen-oceantura-kreta-szigeten","status":"publish","type":"post","link":"https:\/\/rethymno.villas\/hu\/felejthetetlen-oceantura-kreta-szigeten\/","title":{"rendered":"Felejthetetlen \u00f3ce\u00e1nt\u00far\u00e1k Kr\u00e9ta sziget\u00e9n"},"content":{"rendered":"<p>A tengerpart \u00e9s a Kr\u00e9t\u00e1t k\u00f6r\u00fclvev\u0151 gy\u00f6ny\u00f6r\u0171 vizek felfedez\u00e9se fantasztikus m\u00f3dja annak, hogy megtapasztalja a sziget term\u00e9szeti sz\u00e9ps\u00e9g\u00e9t. \u00cdme n\u00e9h\u00e1ny n\u00e9pszer\u0171 lehet\u0151s\u00e9g Kr\u00e9t\u00e1n tett \u00f3ce\u00e1ni t\u00far\u00e1khoz:<\/p>\n<p><!--more--><\/p>\n<ol>\n<li><strong>Haj\u00f3utak \u00e9s k\u00f6rutak<\/strong>: A szigeten k\u00fcl\u00f6nf\u00e9le haj\u00f3kir\u00e1ndul\u00e1sok \u00e9s k\u00f6rutak \u00e1llnak rendelkez\u00e9sre, amelyek k\u00fcl\u00f6nb\u00f6z\u0151 tengerparti v\u00e1rosokb\u00f3l indulnak. Ezek a t\u00far\u00e1k fest\u0151i helyekre, rejtett \u00f6bl\u00f6kre \u00e9s m\u00e9g a szomsz\u00e9dos szigetekre is eljuthatnak. A n\u00e9pszer\u0171 \u00fati c\u00e9lok k\u00f6z\u00e9 tartozik a Gramvousa \u00e9s a Balos-lag\u00fana, az Elafonissi strand \u00e9s Dia szigete.<\/li>\n<li><strong>\u00dcvegfenek\u0171 haj\u00f3t\u00far\u00e1k<\/strong>: Ezek a t\u00far\u00e1k egyed\u00fcl\u00e1ll\u00f3 m\u00f3don fedezik fel a v\u00edz alatti vil\u00e1got an\u00e9lk\u00fcl, hogy el\u00e1zn\u00e1nak. Az \u00fcvegfenek\u0171 cs\u00f3nakok test\u00e9ben \u00e1tl\u00e1tsz\u00f3 l\u00e1t\u00f3terek tal\u00e1lhat\u00f3k, amelyek lehet\u0151v\u00e9 teszik a tengeri \u00e9l\u0151vil\u00e1g \u00e9s a ny\u00fczsg\u0151 tengerfen\u00e9k megtekint\u00e9s\u00e9t.<\/li>\n<li><strong>Vitorl\u00e1s kir\u00e1ndul\u00e1sok<\/strong>: Ha meghittebb \u00e9s szem\u00e9lyre szabhat\u00f3 \u00e9lm\u00e9nyre v\u00e1gyik, fontolja meg egy priv\u00e1t vitorl\u00e1s utaz\u00e1st. B\u00e9relhet vitorl\u00e1st a leg\u00e9nys\u00e9ggel, \u00e9s elviszik \u00d6nt f\u00e9lrees\u0151 strandokra, sznorkelez\u00e9si helyekre, s\u0151t szem\u00e9lyre szabott \u00fatvonalat is k\u00e9sz\u00edtenek.<\/li>\n<li><strong>B\u00fav\u00e1rkod\u00e1s \u00e9s sznorkelez\u00e9s<\/strong>: Kr\u00e9t\u00e1n van n\u00e9h\u00e1ny kiv\u00e1l\u00f3 b\u00fav\u00e1r- \u00e9s szabadt\u00fcd\u0151s mer\u00fcl\u0151hely, krist\u00e1lytiszta vizekkel \u00e9s v\u00e1ltozatos tengeri \u00e9l\u0151vil\u00e1ggal. Csatlakozhat egy vezetett b\u00fav\u00e1rkod\u00e1shoz vagy snorkeling t\u00far\u00e1hoz, hogy felfedezze a v\u00edz alatti barlangokat, z\u00e1tonyokat \u00e9s haj\u00f3roncsokat.<\/li>\n<li><strong>Tengeri kajakoz\u00e1s<\/strong>: A tengeri kajakoz\u00e1ssal evezhet a tengerparton, \u00e9s fedezheti fel a tengeri barlangokat \u00e9s a f\u00e9lrees\u0151 strandokat. Ez egy akt\u00edv \u00e9s mag\u00e1val ragad\u00f3 m\u00f3dja Kr\u00e9ta term\u00e9szeti sz\u00e9ps\u00e9g\u00e9nek megtapasztal\u00e1s\u00e1nak.<\/li>\n<li><strong>Horg\u00e1szt\u00far\u00e1k<\/strong>: Ha \u00e9rdekli a horg\u00e1szat, egyes t\u00far\u00e1k horg\u00e1szt\u00far\u00e1kat k\u00edn\u00e1lnak, ahol kipr\u00f3b\u00e1lhatja mag\u00e1t a helyi halak kifog\u00e1s\u00e1ban. A fog\u00e1sra v\u00e1rva \u00e9lvezheti a tenger nyugalm\u00e1t is.<\/li>\n<li><strong>V\u00edzi sportok<\/strong>: Kr\u00e9ta sz\u00e1mos tengerparti ter\u00fclet\u00e9n k\u00edn\u00e1lnak v\u00edzi sportokat, p\u00e9ld\u00e1ul jet-ski-t, evez\u00e9st, sz\u00f6rf\u00f6z\u00e9st stb. Felszerel\u00e9st b\u00e9relhet, \u00e9s k\u00fcl\u00f6nf\u00e9le v\u00edzi tev\u00e9kenys\u00e9geken vehet r\u00e9szt.<\/li>\n<li><strong>Naplemente haj\u00f3utak<\/strong>: A Kr\u00e9tai-tenger feletti naplement\u00e9t n\u00e9zni var\u00e1zslatos \u00e9lm\u00e9ny. Lefoglalhat egy naplemente k\u00f6rutaz\u00e1st, gyakran vacsor\u00e1val \u00e9s \u00e9l\u0151zen\u00e9vel, egy romantikus \u00e9s eml\u00e9kezetes est\u00e9hez.<\/li>\n<li><strong>L\u00e1togassa meg a tengeri parkokat \u00e9s rezerv\u00e1tumokat<\/strong>: Kr\u00e9t\u00e1n vannak olyan tengeri parkok \u00e9s rezerv\u00e1tumok, amelyek a v\u00edz alatti k\u00f6rnyezet \u00e9s biol\u00f3giai sokf\u00e9les\u00e9g\u00e9nek v\u00e9delm\u00e9t szolg\u00e1lj\u00e1k. \u00c9rdemes megl\u00e1togatni ezeket a ter\u00fcleteket, hogy \u00e9rt\u00e9kelje a tengeri \u00e9l\u0151vil\u00e1got \u00e9s a term\u00e9szeti sz\u00e9ps\u00e9get.<\/li>\n<li><strong>Szigetugr\u00f3 t\u00far\u00e1k<\/strong>: Kr\u00e9ta j\u00f3 \u00f6sszek\u00f6ttet\u00e9ssel rendelkezik a k\u00f6zeli szigetekkel, mint p\u00e9ld\u00e1ul Santorini \u00e9s Mykonos. Az \u00c9gei-tenger t\u00f6bb c\u00e9lpontj\u00e1nak felfedez\u00e9s\u00e9hez sziget-ugr\u00e1l\u00f3 t\u00far\u00e1kat foglalhat.<\/li>\n<\/ol>\n<p>\u00a0<\/p>\n\n\n<figure class=\"wp-block-image size-full\"><img fetchpriority=\"high\" decoding=\"async\" width=\"1024\" height=\"590\" src=\"https:\/\/rethymno.villas\/wp-content\/uploads\/Koufonissi-Lassithi-Crete-1024x590-1.jpg\" alt=\"Koufonissi Crete vitorl\u00e1s t\u00far\u00e1k\" class=\"wp-image-1664\" srcset=\"https:\/\/rethymno.villas\/wp-content\/uploads\/Koufonissi-Lassithi-Crete-1024x590-1.jpg 1024w, https:\/\/rethymno.villas\/wp-content\/uploads\/Koufonissi-Lassithi-Crete-1024x590-1-300x173.jpg 300w, https:\/\/rethymno.villas\/wp-content\/uploads\/Koufonissi-Lassithi-Crete-1024x590-1-768x443.jpg 768w, https:\/\/rethymno.villas\/wp-content\/uploads\/Koufonissi-Lassithi-Crete-1024x590-1-18x10.jpg 18w, https:\/\/rethymno.villas\/wp-content\/uploads\/Koufonissi-Lassithi-Crete-1024x590-1-891x513.jpg 891w\" sizes=\"(max-width: 1024px) 100vw, 1024px\" \/><figcaption class=\"wp-element-caption\">Koufonissi Crete vitorl\u00e1s t\u00far\u00e1k<\/figcaption><\/figure>\n\n\n\n<p>A kr\u00e9tai haj\u00f3t\u00far\u00e1k n\u00e9pszer\u0171 m\u00f3dja a leny\u0171g\u00f6z\u0151 tengerpart felfedez\u00e9s\u00e9nek, gy\u00f6ny\u00f6r\u0171 strandok felfedez\u00e9s\u00e9nek \u00e9s a k\u00f6zeli szigetek megl\u00e1togat\u00e1s\u00e1nak. \u00cdme n\u00e9h\u00e1ny haj\u00f3kir\u00e1ndul\u00e1s, amelyeket megfontolhat Kr\u00e9ta k\u00fcl\u00f6nb\u00f6z\u0151 r\u00e9gi\u00f3iban:<\/p>\n\n\n\n<ol class=\"wp-block-list\">\n<li><strong>Balos strand <\/strong>\u00e9s <strong>Gramvousa <\/strong>Szigett\u00fara: Ez a t\u00fara a h\u00edres Balos strandra \u00e9s Gramvousa sziget\u00e9re visz. Fedezheti fel a t\u00fcrkizk\u00e9k vizeket, s\u00e9t\u00e1lhat a homokos partokon, \u00e9s megl\u00e1togathatja a Gramvous\u00e1n tal\u00e1lhat\u00f3 velencei er\u0151d\u00f6t.<\/li>\n\n\n\n<li><strong>Elafonissi strand<\/strong> T\u00fara: Az Elafonissi strand r\u00f3zsasz\u00edn homokj\u00e1r\u00f3l \u00e9s krist\u00e1lytiszta viz\u00e9r\u0151l ismert. Az Elafonissi strandra indul\u00f3 haj\u00f3kir\u00e1ndul\u00e1sok lehet\u0151v\u00e9 teszik, hogy \u00e9lvezze a hely egyed\u00fcl\u00e1ll\u00f3 sz\u00e9ps\u00e9g\u00e9t.<\/li>\n\n\n\n<li><strong>Spinalonga szigeti t\u00fara<\/strong>: A Spinalonga-sziget velencei er\u0151dj\u00e9r\u0151l \u00e9s lepratelepi t\u00f6rt\u00e9nelm\u00e9r\u0151l h\u00edres. A haj\u00f3kir\u00e1ndul\u00e1sok gyakran vezetnek a szigeten.<\/li>\n\n\n\n<li><strong>Santorini egynapos kir\u00e1ndul\u00e1s<\/strong>: B\u00e1r Santorini nem Kr\u00e9ta r\u00e9sze, Kr\u00e9t\u00e1r\u00f3l foglalhat haj\u00f3kir\u00e1ndul\u00e1sokat, hogy megl\u00e1togassa ezt az ikonikus g\u00f6r\u00f6g szigetet l\u00e9legzetel\u00e1ll\u00edt\u00f3 kil\u00e1t\u00e1saival, b\u00e1jos falvaival \u00e9s egyedi strandjaival.<\/li>\n\n\n\n<li><strong>Dia-sziget t\u00fara<\/strong>: Dia-sziget egy term\u00e9szetv\u00e9delmi ter\u00fclet Heraklion k\u00f6zel\u00e9ben. A Dia-szigetre indul\u00f3 haj\u00f3kir\u00e1ndul\u00e1sok lehet\u0151s\u00e9get k\u00edn\u00e1lnak sznorkelez\u00e9sre, \u00fasz\u00e1sra \u00e9s az \u00e9rintetlen k\u00f6rnyezet \u00e9lvezet\u00e9re.<\/li>\n\n\n\n<li><strong>Delfin- \u00e9s b\u00e1lnales<\/strong>: Sz\u00e1mos haj\u00f3t\u00fara k\u00edn\u00e1l lehet\u0151s\u00e9get delfinek, b\u00e1ln\u00e1k \u00e9s m\u00e1s tengeri \u00e9l\u0151l\u00e9nyek felfedez\u00e9s\u00e9re a Kr\u00e9tai-tengeren. Ezek a t\u00far\u00e1k oktat\u00e1si tapasztalatokat \u00e9s lehet\u0151s\u00e9get k\u00edn\u00e1lnak arra, hogy szemtan\u00fai legyenek ezeknek a csod\u00e1latos l\u00e9nyeknek a term\u00e9szetes \u00e9l\u0151hely\u00fck\u00f6n.<\/li>\n\n\n\n<li><strong>Naplemente haj\u00f3utak<\/strong>: \u00c9lvezzen egy romantikus est\u00e9t a v\u00edzen egy naplemente haj\u00f3\u00fattal. Ezek a t\u00far\u00e1k gyakran tartalmaznak vacsor\u00e1t \u00e9s \u00e9l\u0151 sz\u00f3rakoztat\u00f3 m\u0171sorokat, \u00edgy t\u00f6k\u00e9letesek p\u00e1rok sz\u00e1m\u00e1ra.<\/li>\n\n\n\n<li><strong>Horg\u00e1szt\u00far\u00e1k<\/strong>: A horg\u00e1szt\u00far\u00e1k lehet\u0151v\u00e9 teszik, hogy kipr\u00f3b\u00e1lhassa mag\u00e1t a horg\u00e1szatban, mik\u00f6zben \u00e9lvezi a kr\u00e9tai tengerpart fest\u0151i sz\u00e9ps\u00e9g\u00e9t. Egyes t\u00far\u00e1k lehet\u0151s\u00e9get k\u00edn\u00e1lnak a fog\u00e1s f\u0151z\u00e9s\u00e9re is a fed\u00e9lzeten.<\/li>\n\n\n\n<li><strong>Egyedi chart\u00e1k<\/strong>: Ha konkr\u00e9t preferenci\u00e1i vannak, vagy k\u00fcl\u00f6nleges esem\u00e9nyt tervez, foglalhat priv\u00e1t chart\u00e1t egy szem\u00e9lyre szabott haj\u00f3t\u00fara \u00e9lm\u00e9ny\u00e9hez.<\/li>\n<\/ol>\n\n\n\n<figure class=\"wp-block-image size-large\"><img decoding=\"async\" width=\"1024\" height=\"683\" src=\"https:\/\/rethymno.villas\/wp-content\/uploads\/Boat-tours-to-Spinalonga-Crete-1080x720-1-1024x683.jpg\" alt=\"Haj\u00f3kir\u00e1ndul\u00e1sok Spinalonga Kr\u00e9t\u00e1ra\" class=\"wp-image-1665\" srcset=\"https:\/\/rethymno.villas\/wp-content\/uploads\/Boat-tours-to-Spinalonga-Crete-1080x720-1-1024x683.jpg 1024w, https:\/\/rethymno.villas\/wp-content\/uploads\/Boat-tours-to-Spinalonga-Crete-1080x720-1-300x200.jpg 300w, https:\/\/rethymno.villas\/wp-content\/uploads\/Boat-tours-to-Spinalonga-Crete-1080x720-1-768x512.jpg 768w, https:\/\/rethymno.villas\/wp-content\/uploads\/Boat-tours-to-Spinalonga-Crete-1080x720-1-18x12.jpg 18w, https:\/\/rethymno.villas\/wp-content\/uploads\/Boat-tours-to-Spinalonga-Crete-1080x720-1-891x594.jpg 891w, https:\/\/rethymno.villas\/wp-content\/uploads\/Boat-tours-to-Spinalonga-Crete-1080x720-1.jpg 1080w\" sizes=\"(max-width: 1024px) 100vw, 1024px\" \/><figcaption class=\"wp-element-caption\">Haj\u00f3kir\u00e1ndul\u00e1sok Spinalonga Kr\u00e9t\u00e1ra<\/figcaption><\/figure>\n\n\n\n<figure class=\"wp-block-image size-large\"><img decoding=\"async\" width=\"1024\" height=\"768\" src=\"https:\/\/rethymno.villas\/wp-content\/uploads\/Sailing-boat-tours-to-Dia-Island-on-Crete-1080x810-1-1024x768.jpg\" alt=\"Vitorl\u00e1s t\u00far\u00e1k a kr\u00e9tai Dia-szigetre\" class=\"wp-image-1668\" srcset=\"https:\/\/rethymno.villas\/wp-content\/uploads\/Sailing-boat-tours-to-Dia-Island-on-Crete-1080x810-1-1024x768.jpg 1024w, https:\/\/rethymno.villas\/wp-content\/uploads\/Sailing-boat-tours-to-Dia-Island-on-Crete-1080x810-1-300x225.jpg 300w, https:\/\/rethymno.villas\/wp-content\/uploads\/Sailing-boat-tours-to-Dia-Island-on-Crete-1080x810-1-768x576.jpg 768w, https:\/\/rethymno.villas\/wp-content\/uploads\/Sailing-boat-tours-to-Dia-Island-on-Crete-1080x810-1-16x12.jpg 16w, https:\/\/rethymno.villas\/wp-content\/uploads\/Sailing-boat-tours-to-Dia-Island-on-Crete-1080x810-1-891x668.jpg 891w, https:\/\/rethymno.villas\/wp-content\/uploads\/Sailing-boat-tours-to-Dia-Island-on-Crete-1080x810-1.jpg 1080w\" sizes=\"(max-width: 1024px) 100vw, 1024px\" \/><figcaption class=\"wp-element-caption\">Vitorl\u00e1s t\u00far\u00e1k a kr\u00e9tai Dia-szigetre<\/figcaption><\/figure>\n\n\n\n<figure class=\"wp-block-image size-large\"><img loading=\"lazy\" decoding=\"async\" width=\"1024\" height=\"666\" src=\"https:\/\/rethymno.villas\/wp-content\/uploads\/Balos-Beach-boat-tours-1080x702-1-1024x666.jpg\" alt=\"Balos Beach haj\u00f3kir\u00e1ndul\u00e1sok\" class=\"wp-image-1672\" srcset=\"https:\/\/rethymno.villas\/wp-content\/uploads\/Balos-Beach-boat-tours-1080x702-1-1024x666.jpg 1024w, https:\/\/rethymno.villas\/wp-content\/uploads\/Balos-Beach-boat-tours-1080x702-1-300x195.jpg 300w, https:\/\/rethymno.villas\/wp-content\/uploads\/Balos-Beach-boat-tours-1080x702-1-768x499.jpg 768w, https:\/\/rethymno.villas\/wp-content\/uploads\/Balos-Beach-boat-tours-1080x702-1-18x12.jpg 18w, https:\/\/rethymno.villas\/wp-content\/uploads\/Balos-Beach-boat-tours-1080x702-1-891x579.jpg 891w, https:\/\/rethymno.villas\/wp-content\/uploads\/Balos-Beach-boat-tours-1080x702-1.jpg 1080w\" sizes=\"(max-width: 1024px) 100vw, 1024px\" \/><figcaption class=\"wp-element-caption\">Balos Beach haj\u00f3kir\u00e1ndul\u00e1sok<\/figcaption><\/figure>\n\n\n\n<p>Fontos megjegyezni, hogy ezeknek a haj\u00f3t\u00far\u00e1knak a rendelkez\u00e9sre \u00e1ll\u00e1sa helyt\u0151l \u00e9s \u00e9vszakt\u00f3l f\u00fcgg\u0151en v\u00e1ltozhat, \u00e9s \u00e1ltal\u00e1ban a ny\u00e1ri h\u00f3napokban t\u00f6bb lehet\u0151s\u00e9g \u00e1ll rendelkez\u00e9sre. A kr\u00e9tai haj\u00f3kir\u00e1ndul\u00e1sok lefoglal\u00e1s\u00e1hoz \u00e1ltal\u00e1ban a k\u00f6vetkez\u0151ket teheti:<\/p>\n\n\n\n<p>L\u00e9pjen kapcsolatba a helyi utaz\u00e1sszervez\u0151kkel: felveheti a kapcsolatot a helyi utaz\u00e1sszervez\u0151kkel vagy \u00fcgyn\u00f6ks\u00e9gekkel olyan n\u00e9pszer\u0171 turisztikai ter\u00fcleteken, mint Chania, Heraklion, Rethymno \u00e9s Agios Nikolaos. Tudnak t\u00e1j\u00e9koztat\u00e1st adni az el\u00e9rhet\u0151 haj\u00f3kir\u00e1ndul\u00e1sokr\u00f3l, \u00e9s seg\u00edtenek a foglal\u00e1sban.<\/p>\n\n\n\n<p>L\u00e1togassa meg a turisztikai inform\u00e1ci\u00f3s k\u00f6zpontokat: Amikor Kr\u00e9t\u00e1ra \u00e9rkezik, \u00e1lljon meg turisztikai inform\u00e1ci\u00f3s k\u00f6zpontokban, amelyek gyakran tartalmaznak inform\u00e1ci\u00f3kat a haj\u00f3kir\u00e1ndul\u00e1sokr\u00f3l, bros\u00far\u00e1kr\u00f3l \u00e9s aj\u00e1nl\u00e1sokr\u00f3l.<\/p>\n\n\n\n<p>Online foglal\u00e1s: Sok haj\u00f3s utaz\u00e1sszervez\u0151 rendelkezik weboldallal, ahol ellen\u0151rizheti a rendelkez\u00e9sre \u00e1ll\u00e1st, megtekintheti az utaz\u00e1s r\u00e9szleteit, \u00e9s el\u0151re foglalhat.<\/p>\n\n\n\n<p>\u00c9rdekl\u0151dj\u00f6n sz\u00e1ll\u00e1s\u00e1n: Sz\u00e1llod\u00e1ja vagy sz\u00e1ll\u00e1shelye seg\u00edthet a haj\u00f3kir\u00e1ndul\u00e1sok lefoglal\u00e1s\u00e1ban, vagy javaslatokat tehet az \u00d6n preferenci\u00e1i alapj\u00e1n.<\/p>\n\n\n\n<p>Ne feledje, hogy az adott haj\u00f3t\u00far\u00e1k el\u00e9rhet\u0151s\u00e9ge helyt\u0151l \u00e9s \u00e9vszakt\u00f3l f\u00fcgg\u0151en v\u00e1ltozhat, ez\u00e9rt \u00e9rdemes el\u0151re megtervezni, k\u00fcl\u00f6n\u00f6sen, ha egy adott t\u00far\u00e1ra vagy c\u00e9lpontra gondol.<\/p>","protected":false},"excerpt":{"rendered":"<p>A tengerpart \u00e9s a Kr\u00e9t\u00e1t k\u00f6r\u00fclvev\u0151 gy\u00f6ny\u00f6r\u0171 vizek felfedez\u00e9se fantasztikus m\u00f3dja annak, hogy megtapasztalja a sziget term\u00e9szeti sz\u00e9ps\u00e9g\u00e9t. \u00cdme n\u00e9h\u00e1ny n\u00e9pszer\u0171 lehet\u0151s\u00e9g Kr\u00e9t\u00e1n tett \u00f3ce\u00e1ni t\u00far\u00e1khoz:<\/p>","protected":false},"author":1,"featured_media":1674,"comment_status":"open","ping_status":"open","sticky":false,"template":"","format":"standard","meta":{"inline_featured_image":false,"footnotes":""},"categories":[2,3],"tags":[45,60,58,59,57],"class_list":["post-245","post","type-post","status-publish","format-standard","has-post-thumbnail","hentry","category-activities","category-news","tag-activities","tag-crete","tag-sea-activities","tag-sea-tours","tag-tours"],"_links":{"self":[{"href":"https:\/\/rethymno.villas\/hu\/wp-json\/wp\/v2\/posts\/245","targetHints":{"allow":["GET"]}}],"collection":[{"href":"https:\/\/rethymno.villas\/hu\/wp-json\/wp\/v2\/posts"}],"about":[{"href":"https:\/\/rethymno.villas\/hu\/wp-json\/wp\/v2\/types\/post"}],"author":[{"embeddable":true,"href":"https:\/\/rethymno.villas\/hu\/wp-json\/wp\/v2\/users\/1"}],"replies":[{"embeddable":true,"href":"https:\/\/rethymno.villas\/hu\/wp-json\/wp\/v2\/comments?post=245"}],"version-history":[{"count":0,"href":"https:\/\/rethymno.villas\/hu\/wp-json\/wp\/v2\/posts\/245\/revisions"}],"wp:featuredmedia":[{"embeddable":true,"href":"https:\/\/rethymno.villas\/hu\/wp-json\/wp\/v2\/media\/1674"}],"wp:attachment":[{"href":"https:\/\/rethymno.villas\/hu\/wp-json\/wp\/v2\/media?parent=245"}],"wp:term":[{"taxonomy":"category","embeddable":true,"href":"https:\/\/rethymno.villas\/hu\/wp-json\/wp\/v2\/categories?post=245"},{"taxonomy":"post_tag","embeddable":true,"href":"https:\/\/rethymno.villas\/hu\/wp-json\/wp\/v2\/tags?post=245"}],"curies":[{"name":"wp","href":"https:\/\/api.w.org\/{rel}","templated":true}]}}