{"id":263,"date":"2018-08-13T10:24:36","date_gmt":"2018-08-13T07:24:36","guid":{"rendered":"https:\/\/themes.getmotopress.com\/ciestra\/?p=109"},"modified":"2025-04-08T18:26:05","modified_gmt":"2025-04-08T15:26:05","slug":"legjobb-gyalogturak-a-termeszetben-a-kozeli-sun-angelo-villakban","status":"publish","type":"post","link":"https:\/\/rethymno.villas\/hu\/legjobb-gyalogturak-a-termeszetben-a-kozeli-sun-angelo-villakban\/","title":{"rendered":"A legjobb gyalogt\u00far\u00e1k a term\u00e9szetben a Sun Angelo Villas k\u00f6zel\u00e9ben"},"content":{"rendered":"<div data-elementor-type=\"wp-post\" data-elementor-id=\"263\" class=\"elementor elementor-263\" data-elementor-post-type=\"post\">\n\t\t\t\t<div class=\"elementor-element elementor-element-2edb4e27 e-flex e-con-boxed e-con e-parent\" data-id=\"2edb4e27\" data-element_type=\"container\">\n\t\t\t\t\t<div class=\"e-con-inner\">\n\t\t\t\t<div class=\"elementor-element elementor-element-258a1ea2 elementor-widget elementor-widget-text-editor\" data-id=\"258a1ea2\" data-element_type=\"widget\" data-widget_type=\"text-editor.default\">\n\t\t\t\t<div class=\"elementor-widget-container\">\n\t\t\t\t\t\t\t\t\t<p>Sun Angelo Eco Villas k\u00f6zel\u00e9ben tal\u00e1lhat\u00f3 a hagyom\u00e1nyos falu <strong>Armenoi<\/strong> \u2013 egy falu Rethymno v\u00e1ros\u00e1nak k\u00f6zel\u00e9ben. Am\u00edg Armenoi egy kis falu, a k\u00f6rnyez\u0151 ter\u00fcleteken \u00e9rdekes gyalogt\u00far\u00e1k \u00e9s tev\u00e9kenys\u00e9gek v\u00e1rj\u00e1k a vend\u00e9geket.<\/p>\n<p><\/p><\/div><\/div><\/div><\/div><\/div> <a href=\"https:\/\/rethymno.villas\/hu\/legjobb-gyalogturak-a-termeszetben-a-kozeli-sun-angelo-villakban\/#more-263\" class=\"more-link elementor-more-link\"><span aria-label=\"Tov\u00e1bb olvasom A legjobb term\u00e9szetj\u00e1r\u00e1s a Sun Angelo Villas k\u00f6zel\u00e9ben\">(t\u00f6bb\u2026)<\/span><\/a>","protected":false},"excerpt":{"rendered":"<p>A Sun Angelo Eco Villas k\u00f6zel\u00e9ben tal\u00e1lhat\u00f3 Armenoi hagyom\u00e1nyos faluja \u2013 egy falu Rethymno v\u00e1ros\u00e1nak k\u00f6zel\u00e9ben. Am\u00edg Armenoi egy kis falu, a k\u00f6rnyez\u0151 ter\u00fcleteken \u00e9rdekes gyalogt\u00far\u00e1k \u00e9s tev\u00e9kenys\u00e9gek v\u00e1rj\u00e1k a vend\u00e9geket.<\/p>","protected":false},"author":1,"featured_media":1686,"comment_status":"open","ping_status":"open","sticky":false,"template":"","format":"standard","meta":{"inline_featured_image":false,"footnotes":""},"categories":[3,4],"tags":[72,31,30,42,29,71],"class_list":["post-263","post","type-post","status-publish","format-standard","has-post-thumbnail","hentry","category-news","category-nightlife","tag-armenoi","tag-cretan-nature","tag-nature","tag-rethymno","tag-walking","tag-walking-tours"],"_links":{"self":[{"href":"https:\/\/rethymno.villas\/hu\/wp-json\/wp\/v2\/posts\/263","targetHints":{"allow":["GET"]}}],"collection":[{"href":"https:\/\/rethymno.villas\/hu\/wp-json\/wp\/v2\/posts"}],"about":[{"href":"https:\/\/rethymno.villas\/hu\/wp-json\/wp\/v2\/types\/post"}],"author":[{"embeddable":true,"href":"https:\/\/rethymno.villas\/hu\/wp-json\/wp\/v2\/users\/1"}],"replies":[{"embeddable":true,"href":"https:\/\/rethymno.villas\/hu\/wp-json\/wp\/v2\/comments?post=263"}],"version-history":[{"count":0,"href":"https:\/\/rethymno.villas\/hu\/wp-json\/wp\/v2\/posts\/263\/revisions"}],"wp:featuredmedia":[{"embeddable":true,"href":"https:\/\/rethymno.villas\/hu\/wp-json\/wp\/v2\/media\/1686"}],"wp:attachment":[{"href":"https:\/\/rethymno.villas\/hu\/wp-json\/wp\/v2\/media?parent=263"}],"wp:term":[{"taxonomy":"category","embeddable":true,"href":"https:\/\/rethymno.villas\/hu\/wp-json\/wp\/v2\/categories?post=263"},{"taxonomy":"post_tag","embeddable":true,"href":"https:\/\/rethymno.villas\/hu\/wp-json\/wp\/v2\/tags?post=263"}],"curies":[{"name":"wp","href":"https:\/\/api.w.org\/{rel}","templated":true}]}}