{"id":1426,"date":"2023-11-07T21:46:29","date_gmt":"2023-11-07T19:46:29","guid":{"rendered":"https:\/\/rethymno.villas\/?p=1426"},"modified":"2023-11-07T21:55:01","modified_gmt":"2023-11-07T19:55:01","slug":"vacantele-alternative-si-ecoturismul-sunt-un-pariu-pentru-grecia-turistii-abandoneaza-sezlongurile","status":"publish","type":"post","link":"https:\/\/rethymno.villas\/ro\/vacantele-alternative-si-ecoturismul-sunt-un-pariu-pentru-grecia-turistii-abandoneaza-sezlongurile\/","title":{"rendered":"Vacan\u021bele alternative \u0219i ecoturismul sunt un pariu pentru Grecia: \u201eTuri\u0219tii abandoneaz\u0103 \u0219ezlongurile\u201d"},"content":{"rendered":"<p>\u201eTuri\u0219tii par mai hot\u0103r\u00e2\u021bi s\u0103 profite la maximum de pre\u021biosul lor timp de vacan\u021b\u0103 (\u2026) acum dorind s\u0103 exploreze cultura, buc\u0103t\u0103ria \u0219i natura unei destina\u021bii\u201d<\/p>\n<p><!--more--><\/p>\n<p>\u00a0<\/p>\n\n\n<p>Ministrul grec al Turismului, doamna Olga Kefalogianni, promite c\u0103 va \u00eembun\u0103t\u0103\u021bi infrastructura \u0219i abilit\u0103\u021bile \u00een turismul grecesc \u2013 turi\u0219tii britanici nu vor doar soare \u0219i \u0219ezlonguri, potrivit unui sondaj WTM<\/p>\n\n\n\n<p>Av\u00e2nd \u00een vedere c\u0103 criza climatic\u0103 \u00ee\u0219i face deja pragul asupra destina\u021biilor turistice de top, prelungirea sezonului turistic pare o consecin\u021b\u0103 fireasc\u0103. De\u0219i ministrul Turismului Olga Kefalogianni nu a dorit s\u0103 conecteze cele dou\u0103 fenomene, la London International Tourism Exhibition (WTM London 2023) care are loc p\u00e2n\u0103 pe 8 noiembrie, ea a subliniat totu\u0219i c\u0103 \u201eeste o chestiune care prive\u0219te guvernul\u201d.<\/p>\n\n\n\n<figure class=\"wp-block-image size-large\"><img fetchpriority=\"high\" decoding=\"async\" width=\"1024\" height=\"682\" src=\"https:\/\/rethymno.villas\/wp-content\/uploads\/Chania-old-town-beach-in-Crete-Greece-5-1080x719-1-1024x682.jpg\" alt=\"Ora\u0219ul vechi Chania din Creta, Grecia\" class=\"wp-image-1642\" srcset=\"https:\/\/rethymno.villas\/wp-content\/uploads\/Chania-old-town-beach-in-Crete-Greece-5-1080x719-1-1024x682.jpg 1024w, https:\/\/rethymno.villas\/wp-content\/uploads\/Chania-old-town-beach-in-Crete-Greece-5-1080x719-1-300x200.jpg 300w, https:\/\/rethymno.villas\/wp-content\/uploads\/Chania-old-town-beach-in-Crete-Greece-5-1080x719-1-768x511.jpg 768w, https:\/\/rethymno.villas\/wp-content\/uploads\/Chania-old-town-beach-in-Crete-Greece-5-1080x719-1-18x12.jpg 18w, https:\/\/rethymno.villas\/wp-content\/uploads\/Chania-old-town-beach-in-Crete-Greece-5-1080x719-1-891x593.jpg 891w, https:\/\/rethymno.villas\/wp-content\/uploads\/Chania-old-town-beach-in-Crete-Greece-5-1080x719-1.jpg 1080w\" sizes=\"(max-width: 1024px) 100vw, 1024px\" \/><figcaption class=\"wp-element-caption\">Ora\u0219ul vechi Chania din Creta, Grecia<\/figcaption><\/figure>\n\n\n\n<p>A\u0219a c\u0103 a invitat turi\u0219tii britanici s\u0103 viziteze destina\u021bii turistice mai pu\u021bin populare din Grecia \u0219i chiar \u00een afara sezonului turistic \u201eobi\u0219nuit\u201d. Se urm\u0103re\u0219te valorificarea eforturilor \u021b\u0103rii de promovare a vacan\u021belor alternative, odat\u0103 cu modernizarea sta\u021biunilor de schi \u0219i a destina\u021biilor de scufund\u0103ri.<\/p>\n\n\n\n<p>S-a f\u0103cut referire \u0219i la incendiile devastatoare din aceast\u0103 var\u0103. Olga Kefalogianni a sus\u021binut c\u0103 \u201eGrecia a ap\u0103rut ca un model de management de succes \u00een Rodos\u201d, \u00een timp ce a recunoscut c\u0103 \u201evor exista crize similare, dar \u021bara are acum know-how-ul pentru a le dep\u0103\u0219i cu succes\u201d.<\/p>\n\n\n\n<p>Raportul publicat de organizatorii WTM \u00een colaborare cu Oxford Economics este tipic. \u201eTuri\u0219tii abandoneaz\u0103 plaja \u0219i \u0219ezlongurile pentru experien\u021be noi\u201d este titlul cercet\u0103rii, care, printre altele, observ\u0103 c\u0103 \u201eschimb\u0103rile climatice joac\u0103 un rol din ce \u00een ce mai important \u00een deciziile turi\u0219tilor \u00een ceea ce prive\u0219te durata, sezonul \u0219i destina\u021bia\u201d. .<\/p>\n\n\n\n<p>Juliet Losardo, directorul expozi\u021biei (WTM London), a spus c\u0103 \u201eturi\u0219tii par mai hot\u0103r\u00e2\u021bi s\u0103 profite la maximum de pre\u021biosul lor timp de vacan\u021b\u0103 (...) dorind acum s\u0103 exploreze cultura, buc\u0103t\u0103ria \u0219i natura unei destina\u021bii\u201d.<\/p>\n\n\n\n<figure class=\"wp-block-image size-large\"><img decoding=\"async\" width=\"1024\" height=\"768\" src=\"https:\/\/rethymno.villas\/wp-content\/uploads\/Skinaria-beach-near-Plakias-in-south-Rethymno-Crete-1080x810-1-1024x768.jpg\" alt=\"Plaja Skinaria l\u00e2ng\u0103 Plakias, \u00een sudul Cretei Rethymno\" class=\"wp-image-1645\" srcset=\"https:\/\/rethymno.villas\/wp-content\/uploads\/Skinaria-beach-near-Plakias-in-south-Rethymno-Crete-1080x810-1-1024x768.jpg 1024w, https:\/\/rethymno.villas\/wp-content\/uploads\/Skinaria-beach-near-Plakias-in-south-Rethymno-Crete-1080x810-1-300x225.jpg 300w, https:\/\/rethymno.villas\/wp-content\/uploads\/Skinaria-beach-near-Plakias-in-south-Rethymno-Crete-1080x810-1-768x576.jpg 768w, https:\/\/rethymno.villas\/wp-content\/uploads\/Skinaria-beach-near-Plakias-in-south-Rethymno-Crete-1080x810-1-16x12.jpg 16w, https:\/\/rethymno.villas\/wp-content\/uploads\/Skinaria-beach-near-Plakias-in-south-Rethymno-Crete-1080x810-1-891x668.jpg 891w, https:\/\/rethymno.villas\/wp-content\/uploads\/Skinaria-beach-near-Plakias-in-south-Rethymno-Crete-1080x810-1.jpg 1080w\" sizes=\"(max-width: 1024px) 100vw, 1024px\" \/><figcaption class=\"wp-element-caption\">Plaja Skinaria l\u00e2ng\u0103 Plakias, \u00een sudul Cretei Rethymno<\/figcaption><\/figure>\n\n\n\n<p>La expozi\u021bie a fost prezent \u0219i secretarul general al EOT, Dimitris Fragakis, care \u0219i-a exprimat optimismul pentru \u201erezilien\u021ba turismului grecesc, care ofer\u0103 at\u00e2t destina\u021bii ieftine, c\u00e2t \u0219i scumpe\u201d. Este indicativ faptul c\u0103 pentru perioada ianuarie \u2013 august 2023, sosirile din str\u0103in\u0103tate au crescut cu 18,4%, comparativ cu perioada corespunz\u0103toare a anului trecut, potrivit datelor oficiale ale B\u0103ncii Greciei.<\/p>\n\n\n\n<p>\u00cen conferin\u021ba de pres\u0103 sus\u021binut\u0103 de ministrul grec al Turismului, Olga Kefalogianni, aceasta a stabilit patru piloni principali ai strategiei ministerului. Printre acestea au fost proeminente durabilitatea turismului, extinderea sezonului turistic, preg\u0103tirea for\u021bei de munc\u0103 \u0219i modernizarea infrastructurilor turistice.<\/p>\n\n\n\n<p>Cuv\u00e2ntul cheie a fost durabilitate. Doamna Kefalogianni a promis c\u0103 \u201ea doua zi de turism pentru Grecia se va concentra asupra oamenilor \u0219i comunit\u0103\u021bilor locale, deoarece suntem interesa\u021bi ca ace\u0219tia s\u0103 aib\u0103 oportunit\u0103\u021bi de venit, venituri, dar \u0219i noi locuri de munc\u0103\u201d.<\/p>\n\n\n\n<p>O provocare-cheie pentru \u021bar\u0103 este at\u00e2t protec\u021bia mediului natural, c\u00e2t \u0219i protejarea coeziunii sociale \u00eentr-o dezvoltare rapid\u0103 a turismului, care poate deveni ampl\u0103 atunci c\u00e2nd se concentreaz\u0103 doar pe consolidarea activit\u0103\u021bii economice.<\/p>\n\n\n\n<figure class=\"wp-block-image size-full\"><img decoding=\"async\" width=\"960\" height=\"600\" src=\"https:\/\/rethymno.villas\/wp-content\/uploads\/Pachnes-peaks-in-Sfakia-Chania-Crete-960x600-1.jpeg\" alt=\"Varfurile Pachnes din Sfakia Chania Creta Grecia\" class=\"wp-image-1614\" srcset=\"https:\/\/rethymno.villas\/wp-content\/uploads\/Pachnes-peaks-in-Sfakia-Chania-Crete-960x600-1.jpeg 960w, https:\/\/rethymno.villas\/wp-content\/uploads\/Pachnes-peaks-in-Sfakia-Chania-Crete-960x600-1-300x188.jpeg 300w, https:\/\/rethymno.villas\/wp-content\/uploads\/Pachnes-peaks-in-Sfakia-Chania-Crete-960x600-1-768x480.jpeg 768w, https:\/\/rethymno.villas\/wp-content\/uploads\/Pachnes-peaks-in-Sfakia-Chania-Crete-960x600-1-18x12.jpeg 18w, https:\/\/rethymno.villas\/wp-content\/uploads\/Pachnes-peaks-in-Sfakia-Chania-Crete-960x600-1-891x557.jpeg 891w\" sizes=\"(max-width: 960px) 100vw, 960px\" \/><figcaption class=\"wp-element-caption\">Varfurile Pachnes din Sfakia Chania Creta Grecia<\/figcaption><\/figure>\n\n\n\n<p>Av\u00e2nd \u00een vedere aceste provoc\u0103ri \u0219i posibilele fenomene de c\u00e2\u0219tiguri necuvenite, ministrul \u0219i-a exprimat p\u0103rerea c\u0103 \u201eGrecia r\u0103m\u00e2ne o destina\u021bie raport calitate\/pre\u021b\u201d, \u00een timp ce ministerul s-a angajat s\u0103 depun\u0103 eforturi maxime pentru a respecta legalitatea.<\/p>\n\n\n\n<p>Surs\u0103: <a href=\"https:\/\/skai.gr\" target=\"_blank\" data-type=\"link\" data-id=\"https:\/\/skai.gr\" rel=\"noreferrer noopener\">SKAI <\/a>\u2013 Zoe Katzagiannakis, Londra<\/p>","protected":false},"excerpt":{"rendered":"<p>\u201eTuri\u0219tii par mai hot\u0103r\u00e2\u021bi s\u0103 profite la maximum de pre\u021biosul lor timp de vacan\u021b\u0103 (\u2026) acum dorind s\u0103 exploreze cultura, buc\u0103t\u0103ria \u0219i natura unei destina\u021bii\u201d<\/p>","protected":false},"author":1,"featured_media":1641,"comment_status":"open","ping_status":"open","sticky":false,"template":"","format":"standard","meta":{"inline_featured_image":false,"footnotes":""},"categories":[3],"tags":[62,63,65,60,61,64],"class_list":["post-1426","post","type-post","status-publish","format-standard","has-post-thumbnail","hentry","category-news","tag-agritourism","tag-agrotourism","tag-alternative-tourism","tag-crete","tag-ecotourism","tag-greece"],"_links":{"self":[{"href":"https:\/\/rethymno.villas\/ro\/wp-json\/wp\/v2\/posts\/1426","targetHints":{"allow":["GET"]}}],"collection":[{"href":"https:\/\/rethymno.villas\/ro\/wp-json\/wp\/v2\/posts"}],"about":[{"href":"https:\/\/rethymno.villas\/ro\/wp-json\/wp\/v2\/types\/post"}],"author":[{"embeddable":true,"href":"https:\/\/rethymno.villas\/ro\/wp-json\/wp\/v2\/users\/1"}],"replies":[{"embeddable":true,"href":"https:\/\/rethymno.villas\/ro\/wp-json\/wp\/v2\/comments?post=1426"}],"version-history":[{"count":0,"href":"https:\/\/rethymno.villas\/ro\/wp-json\/wp\/v2\/posts\/1426\/revisions"}],"wp:featuredmedia":[{"embeddable":true,"href":"https:\/\/rethymno.villas\/ro\/wp-json\/wp\/v2\/media\/1641"}],"wp:attachment":[{"href":"https:\/\/rethymno.villas\/ro\/wp-json\/wp\/v2\/media?parent=1426"}],"wp:term":[{"taxonomy":"category","embeddable":true,"href":"https:\/\/rethymno.villas\/ro\/wp-json\/wp\/v2\/categories?post=1426"},{"taxonomy":"post_tag","embeddable":true,"href":"https:\/\/rethymno.villas\/ro\/wp-json\/wp\/v2\/tags?post=1426"}],"curies":[{"name":"wp","href":"https:\/\/api.w.org\/{rel}","templated":true}]}}